{"id":1390,"date":"2022-10-24T16:03:05","date_gmt":"2022-10-24T14:03:05","guid":{"rendered":"https:\/\/naturfreunde-stockach.de\/?p=1390"},"modified":"2022-10-24T16:12:39","modified_gmt":"2022-10-24T14:12:39","slug":"wir-freuen-uns-auf-die-wintersaison","status":"publish","type":"post","link":"https:\/\/naturfreunde-stockach.de\/index.php\/2022\/10\/24\/wir-freuen-uns-auf-die-wintersaison\/","title":{"rendered":"Wir freuen uns auf die Wintersaison"},"content":{"rendered":"\n<figure class=\"wp-block-image size-large\"><a href=\"https:\/\/naturfreunde-stockach.de\/wp-content\/uploads\/2022\/10\/IMG_1692-scaled.jpeg\"><img loading=\"lazy\" decoding=\"async\" width=\"2489\" height=\"1399\" src=\"https:\/\/naturfreunde-stockach.de\/wp-content\/uploads\/2022\/10\/IMG_1692-edited.jpeg\" alt=\"\" class=\"wp-image-1397\" srcset=\"https:\/\/naturfreunde-stockach.de\/wp-content\/uploads\/2022\/10\/IMG_1692-edited.jpeg 2489w, https:\/\/naturfreunde-stockach.de\/wp-content\/uploads\/2022\/10\/IMG_1692-edited-300x169.jpeg 300w, https:\/\/naturfreunde-stockach.de\/wp-content\/uploads\/2022\/10\/IMG_1692-edited-1024x576.jpeg 1024w, https:\/\/naturfreunde-stockach.de\/wp-content\/uploads\/2022\/10\/IMG_1692-edited-768x432.jpeg 768w, https:\/\/naturfreunde-stockach.de\/wp-content\/uploads\/2022\/10\/IMG_1692-edited-1536x863.jpeg 1536w, https:\/\/naturfreunde-stockach.de\/wp-content\/uploads\/2022\/10\/IMG_1692-edited-2048x1151.jpeg 2048w\" sizes=\"auto, (max-width: 2489px) 100vw, 2489px\" \/><\/a><\/figure>\n\n\n\n<p>Wir blicken zufrieden auf einen erfolgreichen Brettlemarkt zur\u00fcck. Nach zwei Jahren konnte dieser nun wieder in der H\u00e4gerweghalle in Stockach veranstaltet werden. Dank der 20 Helfer und Helferinnen aus den Reihen der Schneeschule konnten wir den Tag erfolgreich durchf\u00fchren. Besonders haben wir uns \u00fcber den Kontakt mit gro\u00dfen und kleinenWintersportbegeistertet gefreut. Positiv \u00fcberrascht sind wir \u00fcber das immer noch hohe Interesse am Wintersport nach zwei Jahren Pause. <br>Unser Winterprogramm k\u00f6nnen wir nun endlich wieder vollst\u00e4ndig anbiegen.<br>Mit dem dreit\u00e4gigen <a rel=\"noreferrer noopener\" href=\"https:\/\/naturfreunde-stockach.de\/index.php\/termine\/skiopening-stubai\/\" data-type=\"tribe_events\" data-id=\"146\" target=\"_blank\">Skiopening im Stubaital<\/a> im November er\u00f6ffnen wir die Saison. \u00dcber die Weihnachtsferien stehen zwei Ski-\u00a0 und Snowboardfreizeiten zur Auswahl, bei denen sowohl Jugendliche als auch Familien angesprochen sind. So hat man die Wahl zwischen den Gebieten <a href=\"https:\/\/naturfreunde-stockach.de\/index.php\/termine\/ski-snowboardfreizeit-pitztal\/\" data-type=\"tribe_events\" data-id=\"547\">Pitztal<\/a> (AU) und <a rel=\"noreferrer noopener\" href=\"https:\/\/naturfreunde-stockach.de\/index.php\/termine\/familien-skifreizeit-sterzing\/\" data-type=\"tribe_events\" data-id=\"557\" target=\"_blank\">Sterzing<\/a> (IT). Hier haben die Teilnehmer die M\u00f6glichkeiten im Kurs ihr K\u00f6nnen zu verbessern oder beim freien Fahren, Apr\u00e8s Ski, Rodeln oder einer Fackelwanderung den Winter zu genie\u00dfen. \u00a0Ab Januar beginnen dann die <a href=\"https:\/\/naturfreunde-stockach.de\/index.php\/termine\/ski-und-snowboardkurse\/\" data-type=\"tribe_events\" data-id=\"563\">Ski- und Snowboardkurse als Tagesausfahrten<\/a>, hier werden f\u00fcr alle K\u00f6nnensstufen Kurse angeboten. Ein Angebot ausschlie\u00dflich f\u00fcr Jugendliche bietet die <a href=\"https:\/\/naturfreunde-stockach.de\/index.php\/termine\/jugendhuette-premiere\/\" data-type=\"tribe_events\" data-id=\"568\">Jugendh\u00fctte <\/a>im Januar in Warth. Weitere Tagesausfahrten mit schneesportlicher Betreuung gibt es beim <a href=\"https:\/\/naturfreunde-stockach.de\/index.php\/termine\/auspowern-freeriden-am-arlberg\/\" data-type=\"tribe_events\" data-id=\"575\">Auspowern am Arlberg<\/a> und die traditionelle <a href=\"https:\/\/naturfreunde-stockach.de\/index.php\/termine\/saisonabschlussfahrt-nach-ischgl\/\" data-type=\"tribe_events\" data-id=\"581\">Saisonabschlussfahrt nach Ischgl<\/a>.<\/p>\n\n\n\n<p><br><\/p>\n\n\n\n<figure class=\"wp-block-gallery has-nested-images columns-default is-cropped wp-block-gallery-1 is-layout-flex wp-block-gallery-is-layout-flex\"><\/figure>\n\n\n\n<figure class=\"wp-block-gallery has-nested-images columns-default is-cropped wp-block-gallery-2 is-layout-flex wp-block-gallery-is-layout-flex\"><\/figure>\n","protected":false},"excerpt":{"rendered":"<p>Wir blicken zufrieden auf einen erfolgreichen Brettlemarkt zur\u00fcck. Nach zwei Jahren konnte dieser nun wieder in der H\u00e4gerweghalle in Stockach[&#8230;]<\/p>\n","protected":false},"author":1,"featured_media":0,"comment_status":"closed","ping_status":"closed","sticky":false,"template":"","format":"standard","meta":{"footnotes":""},"categories":[1],"tags":[],"class_list":["post-1390","post","type-post","status-publish","format-standard","hentry","category-allgemein"],"_links":{"self":[{"href":"https:\/\/naturfreunde-stockach.de\/index.php\/wp-json\/wp\/v2\/posts\/1390","targetHints":{"allow":["GET"]}}],"collection":[{"href":"https:\/\/naturfreunde-stockach.de\/index.php\/wp-json\/wp\/v2\/posts"}],"about":[{"href":"https:\/\/naturfreunde-stockach.de\/index.php\/wp-json\/wp\/v2\/types\/post"}],"author":[{"embeddable":true,"href":"https:\/\/naturfreunde-stockach.de\/index.php\/wp-json\/wp\/v2\/users\/1"}],"replies":[{"embeddable":true,"href":"https:\/\/naturfreunde-stockach.de\/index.php\/wp-json\/wp\/v2\/comments?post=1390"}],"version-history":[{"count":4,"href":"https:\/\/naturfreunde-stockach.de\/index.php\/wp-json\/wp\/v2\/posts\/1390\/revisions"}],"predecessor-version":[{"id":1398,"href":"https:\/\/naturfreunde-stockach.de\/index.php\/wp-json\/wp\/v2\/posts\/1390\/revisions\/1398"}],"wp:attachment":[{"href":"https:\/\/naturfreunde-stockach.de\/index.php\/wp-json\/wp\/v2\/media?parent=1390"}],"wp:term":[{"taxonomy":"category","embeddable":true,"href":"https:\/\/naturfreunde-stockach.de\/index.php\/wp-json\/wp\/v2\/categories?post=1390"},{"taxonomy":"post_tag","embeddable":true,"href":"https:\/\/naturfreunde-stockach.de\/index.php\/wp-json\/wp\/v2\/tags?post=1390"}],"curies":[{"name":"wp","href":"https:\/\/api.w.org\/{rel}","templated":true}]}}