{"id":1426,"date":"2023-01-09T20:59:06","date_gmt":"2023-01-09T19:59:06","guid":{"rendered":"https:\/\/naturfreunde-stockach.de\/?p=1426"},"modified":"2023-01-09T20:59:06","modified_gmt":"2023-01-09T19:59:06","slug":"events-2023-starten-noch-plaetze-frei","status":"publish","type":"post","link":"https:\/\/naturfreunde-stockach.de\/index.php\/2023\/01\/09\/events-2023-starten-noch-plaetze-frei\/","title":{"rendered":"Events 2023 starten &#8211; Noch Pl\u00e4tze frei!"},"content":{"rendered":"\n<figure class=\"wp-block-image size-large\"><a href=\"https:\/\/naturfreunde-stockach.de\/wp-content\/uploads\/2015\/10\/Events_9.jpg\"><img loading=\"lazy\" decoding=\"async\" width=\"1024\" height=\"768\" src=\"https:\/\/naturfreunde-stockach.de\/wp-content\/uploads\/2015\/10\/Events_9-1024x768.jpg\" alt=\"\" class=\"wp-image-221\" srcset=\"https:\/\/naturfreunde-stockach.de\/wp-content\/uploads\/2015\/10\/Events_9-1024x768.jpg 1024w, https:\/\/naturfreunde-stockach.de\/wp-content\/uploads\/2015\/10\/Events_9-300x225.jpg 300w\" sizes=\"auto, (max-width: 1024px) 100vw, 1024px\" \/><\/a><figcaption>Nach zweij\u00e4hriger Zwangspause freuen wir uns riesig darauf, wieder mit euch in den Schnee aufbrechen zu k\u00f6nnen!<br>Wir haben f\u00fcr alle Ausfahrten noch Pl\u00e4tze frei und nehmen alle Interessierten gerne mit, egal ob mit oder ohne Kurs.<br>Ab 14.01. geht es los, alle Termine, Infos und die Anmeldung findet ihr <a href=\"https:\/\/naturfreunde-stockach.de\/index.php\/termine\/ski-und-snowboardkurse\/\" data-type=\"URL\" data-id=\"https:\/\/naturfreunde-stockach.de\/index.php\/termine\/ski-und-snowboardkurse\/\">hier<\/a>.<\/figcaption><\/figure>\n","protected":false},"excerpt":{"rendered":"","protected":false},"author":2,"featured_media":0,"comment_status":"closed","ping_status":"closed","sticky":false,"template":"","format":"standard","meta":{"footnotes":""},"categories":[1],"tags":[],"class_list":["post-1426","post","type-post","status-publish","format-standard","hentry","category-allgemein"],"_links":{"self":[{"href":"https:\/\/naturfreunde-stockach.de\/index.php\/wp-json\/wp\/v2\/posts\/1426","targetHints":{"allow":["GET"]}}],"collection":[{"href":"https:\/\/naturfreunde-stockach.de\/index.php\/wp-json\/wp\/v2\/posts"}],"about":[{"href":"https:\/\/naturfreunde-stockach.de\/index.php\/wp-json\/wp\/v2\/types\/post"}],"author":[{"embeddable":true,"href":"https:\/\/naturfreunde-stockach.de\/index.php\/wp-json\/wp\/v2\/users\/2"}],"replies":[{"embeddable":true,"href":"https:\/\/naturfreunde-stockach.de\/index.php\/wp-json\/wp\/v2\/comments?post=1426"}],"version-history":[{"count":3,"href":"https:\/\/naturfreunde-stockach.de\/index.php\/wp-json\/wp\/v2\/posts\/1426\/revisions"}],"predecessor-version":[{"id":1501,"href":"https:\/\/naturfreunde-stockach.de\/index.php\/wp-json\/wp\/v2\/posts\/1426\/revisions\/1501"}],"wp:attachment":[{"href":"https:\/\/naturfreunde-stockach.de\/index.php\/wp-json\/wp\/v2\/media?parent=1426"}],"wp:term":[{"taxonomy":"category","embeddable":true,"href":"https:\/\/naturfreunde-stockach.de\/index.php\/wp-json\/wp\/v2\/categories?post=1426"},{"taxonomy":"post_tag","embeddable":true,"href":"https:\/\/naturfreunde-stockach.de\/index.php\/wp-json\/wp\/v2\/tags?post=1426"}],"curies":[{"name":"wp","href":"https:\/\/api.w.org\/{rel}","templated":true}]}}