{"id":1454,"date":"2023-05-09T08:54:30","date_gmt":"2023-05-09T06:54:30","guid":{"rendered":"https:\/\/naturfreunde-stockach.de\/?p=1454"},"modified":"2023-10-07T11:48:34","modified_gmt":"2023-10-07T09:48:34","slug":"radtour-naturfreunde-anradeln","status":"publish","type":"post","link":"https:\/\/naturfreunde-stockach.de\/index.php\/2023\/05\/09\/radtour-naturfreunde-anradeln\/","title":{"rendered":"Radtour Naturfreunde \u2013 \u201eAnradeln\u201c"},"content":{"rendered":"\n<p>Wir treffen uns um 10:30 Uhr am Parkplatz M\u00f6bel Stumpp. Unsere Tour f\u00fchrte uns \u00fcber`s Stockacher Hinterland \u00fcber Wintersp\u00fcren, Seelfingen, Owingen, Bilafingen, vorbei an Schlo\u00df Salem , am Martinsweiher vorbei Richtung Uhldingen-M\u00fchlhofen.<\/p>\n\n\n\n<p>Im Hofgut M\u00f6king machten wir unsere Einkehr. Dort fand das Maifest statt, so dass wir nebenbei auch noch mit Musik unterhalten wurden. Gest\u00e4rkt machten wir uns auf den R\u00fcckweg&nbsp; am See entlang nach Stockach mit Zwischenstopp in \u00dcberlingen, wo es noch ein leckeres Eis gab. Der n\u00e4chste Stopp und gleichzeitig auch der Abschluss dieser sch\u00f6nen Radtour machten wir in Ludwigshafen an der Hafenmauer. Dort trennten sich unsere Wege\u2026.. entweder direkt nach Hause oder noch zum Maibaumstellen\u2026.<\/p>\n\n\n\n<p>Das Fazit, was die Kilometer betrifft \u2026. 70 km + \u2026 die Mitradelnden aus Eigeltingen und Aach hatten noch ein paar km mehr auf dem Tacho \ud83d\ude09<\/p>\n\n\n\n<p>Es war ein sehr gelungener Tag, was nicht zuletzt dem tollen Wetter (trotz dem vielen Gegenwind), der mega tollen Truppe und den diesmal zahlreichen Teilnehmern (18 Radler) und dem unfallfreien Verlauf geschuldet ist.<\/p>\n\n\n\n<p>Die Stimmung war prima und es gilt mein herzlicher Dank an die ganze Radler-Mannschaft.<\/p>\n\n\n\n<p>Ich habe mich \u00fcber die rege Teilnahme sehr gefreut \uf04a<\/p>\n\n\n\n<figure class=\"wp-block-image size-large\"><a href=\"https:\/\/naturfreunde-stockach.de\/wp-content\/uploads\/2023\/05\/2023-04-30-Anradeln-Gruppenbild-1-scaled.jpg\"><img loading=\"lazy\" decoding=\"async\" width=\"1024\" height=\"768\" src=\"https:\/\/naturfreunde-stockach.de\/wp-content\/uploads\/2023\/05\/2023-04-30-Anradeln-Gruppenbild-1-1024x768.jpg\" alt=\"\" class=\"wp-image-1457\" srcset=\"https:\/\/naturfreunde-stockach.de\/wp-content\/uploads\/2023\/05\/2023-04-30-Anradeln-Gruppenbild-1-1024x768.jpg 1024w, https:\/\/naturfreunde-stockach.de\/wp-content\/uploads\/2023\/05\/2023-04-30-Anradeln-Gruppenbild-1-300x225.jpg 300w, https:\/\/naturfreunde-stockach.de\/wp-content\/uploads\/2023\/05\/2023-04-30-Anradeln-Gruppenbild-1-768x576.jpg 768w, https:\/\/naturfreunde-stockach.de\/wp-content\/uploads\/2023\/05\/2023-04-30-Anradeln-Gruppenbild-1-1536x1152.jpg 1536w, https:\/\/naturfreunde-stockach.de\/wp-content\/uploads\/2023\/05\/2023-04-30-Anradeln-Gruppenbild-1-2048x1536.jpg 2048w\" sizes=\"auto, (max-width: 1024px) 100vw, 1024px\" \/><\/a><\/figure>\n\n\n\n<p><\/p>\n\n\n","protected":false},"excerpt":{"rendered":"<p>Wir treffen uns um 10:30 Uhr am Parkplatz M\u00f6bel Stumpp. Unsere Tour f\u00fchrte uns \u00fcber`s Stockacher Hinterland \u00fcber Wintersp\u00fcren, Seelfingen,[&#8230;]<\/p>\n","protected":false},"author":1,"featured_media":1457,"comment_status":"closed","ping_status":"closed","sticky":false,"template":"","format":"standard","meta":{"footnotes":""},"categories":[1],"tags":[],"class_list":["post-1454","post","type-post","status-publish","format-standard","has-post-thumbnail","hentry","category-allgemein"],"_links":{"self":[{"href":"https:\/\/naturfreunde-stockach.de\/index.php\/wp-json\/wp\/v2\/posts\/1454","targetHints":{"allow":["GET"]}}],"collection":[{"href":"https:\/\/naturfreunde-stockach.de\/index.php\/wp-json\/wp\/v2\/posts"}],"about":[{"href":"https:\/\/naturfreunde-stockach.de\/index.php\/wp-json\/wp\/v2\/types\/post"}],"author":[{"embeddable":true,"href":"https:\/\/naturfreunde-stockach.de\/index.php\/wp-json\/wp\/v2\/users\/1"}],"replies":[{"embeddable":true,"href":"https:\/\/naturfreunde-stockach.de\/index.php\/wp-json\/wp\/v2\/comments?post=1454"}],"version-history":[{"count":4,"href":"https:\/\/naturfreunde-stockach.de\/index.php\/wp-json\/wp\/v2\/posts\/1454\/revisions"}],"predecessor-version":[{"id":1461,"href":"https:\/\/naturfreunde-stockach.de\/index.php\/wp-json\/wp\/v2\/posts\/1454\/revisions\/1461"}],"wp:featuredmedia":[{"embeddable":true,"href":"https:\/\/naturfreunde-stockach.de\/index.php\/wp-json\/wp\/v2\/media\/1457"}],"wp:attachment":[{"href":"https:\/\/naturfreunde-stockach.de\/index.php\/wp-json\/wp\/v2\/media?parent=1454"}],"wp:term":[{"taxonomy":"category","embeddable":true,"href":"https:\/\/naturfreunde-stockach.de\/index.php\/wp-json\/wp\/v2\/categories?post=1454"},{"taxonomy":"post_tag","embeddable":true,"href":"https:\/\/naturfreunde-stockach.de\/index.php\/wp-json\/wp\/v2\/tags?post=1454"}],"curies":[{"name":"wp","href":"https:\/\/api.w.org\/{rel}","templated":true}]}}