{"id":405,"date":"2025-09-23T10:22:30","date_gmt":"2025-09-23T08:22:30","guid":{"rendered":"http:\/\/naturfreunde-stockach.de\/?p=405"},"modified":"2025-09-23T10:22:30","modified_gmt":"2025-09-23T08:22:30","slug":"brettle-markt-in-der-haegerweghalle","status":"publish","type":"post","link":"https:\/\/naturfreunde-stockach.de\/index.php\/2025\/09\/23\/brettle-markt-in-der-haegerweghalle\/","title":{"rendered":"Brettle-Markt in der H\u00e4gerweghalle"},"content":{"rendered":"<p>Am Samstag, den 11.10. wird unser traditioneller Brettlemarkt (Skibasar) in der H\u00e4gerweghalle in Stockach durchgef\u00fchrt. F\u00fcr die kommende Wintersaison kann sich hier jedermann vom Ski bis zum Handschuh ausr\u00fcsten. Au\u00dferdem ist es jedem m\u00f6glich, noch gut erhaltene Ausr\u00fcstung zu verkaufen.<\/p>\n<p><strong>Warenannahme: 8.00 -10.30 Uhr<\/strong><\/p>\n<p><strong>Verkauf: 11.30 &#8211; 13.30 Uhr<\/strong><\/p>\n<p><strong>R\u00fcckgabe der Waren: 14.00 \u2013 15.00 Uhr<\/strong><\/p>\n\n\n<p><\/p>\n\n\n\n<p><\/p>\n","protected":false},"excerpt":{"rendered":"<p>Am Samstag, den 11.10. wird unser traditioneller Brettlemarkt (Skibasar) in der H\u00e4gerweghalle in Stockach durchgef\u00fchrt. F\u00fcr die kommende Wintersaison kann[&#8230;]<\/p>\n","protected":false},"author":1,"featured_media":1952,"comment_status":"closed","ping_status":"closed","sticky":false,"template":"","format":"standard","meta":{"footnotes":""},"categories":[1],"tags":[],"class_list":["post-405","post","type-post","status-publish","format-standard","has-post-thumbnail","hentry","category-allgemein"],"_links":{"self":[{"href":"https:\/\/naturfreunde-stockach.de\/index.php\/wp-json\/wp\/v2\/posts\/405","targetHints":{"allow":["GET"]}}],"collection":[{"href":"https:\/\/naturfreunde-stockach.de\/index.php\/wp-json\/wp\/v2\/posts"}],"about":[{"href":"https:\/\/naturfreunde-stockach.de\/index.php\/wp-json\/wp\/v2\/types\/post"}],"author":[{"embeddable":true,"href":"https:\/\/naturfreunde-stockach.de\/index.php\/wp-json\/wp\/v2\/users\/1"}],"replies":[{"embeddable":true,"href":"https:\/\/naturfreunde-stockach.de\/index.php\/wp-json\/wp\/v2\/comments?post=405"}],"version-history":[{"count":8,"href":"https:\/\/naturfreunde-stockach.de\/index.php\/wp-json\/wp\/v2\/posts\/405\/revisions"}],"predecessor-version":[{"id":2409,"href":"https:\/\/naturfreunde-stockach.de\/index.php\/wp-json\/wp\/v2\/posts\/405\/revisions\/2409"}],"wp:featuredmedia":[{"embeddable":true,"href":"https:\/\/naturfreunde-stockach.de\/index.php\/wp-json\/wp\/v2\/media\/1952"}],"wp:attachment":[{"href":"https:\/\/naturfreunde-stockach.de\/index.php\/wp-json\/wp\/v2\/media?parent=405"}],"wp:term":[{"taxonomy":"category","embeddable":true,"href":"https:\/\/naturfreunde-stockach.de\/index.php\/wp-json\/wp\/v2\/categories?post=405"},{"taxonomy":"post_tag","embeddable":true,"href":"https:\/\/naturfreunde-stockach.de\/index.php\/wp-json\/wp\/v2\/tags?post=405"}],"curies":[{"name":"wp","href":"https:\/\/api.w.org\/{rel}","templated":true}]}}