{"id":467,"date":"2017-01-10T19:40:51","date_gmt":"2017-01-10T18:40:51","guid":{"rendered":"http:\/\/naturfreunde-stockach.de\/?p=467"},"modified":"2017-01-21T18:36:13","modified_gmt":"2017-01-21T17:36:13","slug":"noch-plaetze-frei-fuer-die-events-2017","status":"publish","type":"post","link":"https:\/\/naturfreunde-stockach.de\/index.php\/2017\/01\/10\/noch-plaetze-frei-fuer-die-events-2017\/","title":{"rendered":"Noch Pl\u00e4tze frei f\u00fcr die Events am 5. und 11.2.2017"},"content":{"rendered":"<p>Wir haben f\u00fcr die letzten beiden\u00a0Ausfahrten noch\u00a0Pl\u00e4tze frei und freuen uns \u00fcber jeden, der mit kommen m\u00f6chte. Event 2 am 28.1. ist schon ausgebucht.<br \/>\nFeilt an eurem K\u00f6nnen in Ski- und Snowboardkursen oder genie\u00dft einfach auf eigene Faust einen sch\u00f6nen Tag im Skigebiet.<\/p>\n<p>Weitere Infos und Anmeldung findet ihr <a href=\"https:\/\/naturfreunde-stockach.de\/index.php\/event\/event-ski-und-snowboardkurse\/\">hier<\/a>.<\/p>\n","protected":false},"excerpt":{"rendered":"<p>Wir haben f\u00fcr die letzten beiden\u00a0Ausfahrten noch\u00a0Pl\u00e4tze frei und freuen uns \u00fcber jeden, der mit kommen m\u00f6chte. Event 2 am[&#8230;]<\/p>\n","protected":false},"author":2,"featured_media":154,"comment_status":"closed","ping_status":"closed","sticky":false,"template":"","format":"standard","meta":{"footnotes":""},"categories":[1],"tags":[],"class_list":["post-467","post","type-post","status-publish","format-standard","has-post-thumbnail","hentry","category-allgemein"],"_links":{"self":[{"href":"https:\/\/naturfreunde-stockach.de\/index.php\/wp-json\/wp\/v2\/posts\/467","targetHints":{"allow":["GET"]}}],"collection":[{"href":"https:\/\/naturfreunde-stockach.de\/index.php\/wp-json\/wp\/v2\/posts"}],"about":[{"href":"https:\/\/naturfreunde-stockach.de\/index.php\/wp-json\/wp\/v2\/types\/post"}],"author":[{"embeddable":true,"href":"https:\/\/naturfreunde-stockach.de\/index.php\/wp-json\/wp\/v2\/users\/2"}],"replies":[{"embeddable":true,"href":"https:\/\/naturfreunde-stockach.de\/index.php\/wp-json\/wp\/v2\/comments?post=467"}],"version-history":[{"count":7,"href":"https:\/\/naturfreunde-stockach.de\/index.php\/wp-json\/wp\/v2\/posts\/467\/revisions"}],"predecessor-version":[{"id":480,"href":"https:\/\/naturfreunde-stockach.de\/index.php\/wp-json\/wp\/v2\/posts\/467\/revisions\/480"}],"wp:featuredmedia":[{"embeddable":true,"href":"https:\/\/naturfreunde-stockach.de\/index.php\/wp-json\/wp\/v2\/media\/154"}],"wp:attachment":[{"href":"https:\/\/naturfreunde-stockach.de\/index.php\/wp-json\/wp\/v2\/media?parent=467"}],"wp:term":[{"taxonomy":"category","embeddable":true,"href":"https:\/\/naturfreunde-stockach.de\/index.php\/wp-json\/wp\/v2\/categories?post=467"},{"taxonomy":"post_tag","embeddable":true,"href":"https:\/\/naturfreunde-stockach.de\/index.php\/wp-json\/wp\/v2\/tags?post=467"}],"curies":[{"name":"wp","href":"https:\/\/api.w.org\/{rel}","templated":true}]}}