{"id":633,"date":"2018-06-11T17:02:31","date_gmt":"2018-06-11T15:02:31","guid":{"rendered":"http:\/\/naturfreunde-stockach.de\/?p=633"},"modified":"2018-06-11T17:13:40","modified_gmt":"2018-06-11T15:13:40","slug":"schweizer-feiertag","status":"publish","type":"post","link":"https:\/\/naturfreunde-stockach.de\/index.php\/2018\/06\/11\/schweizer-feiertag\/","title":{"rendered":"Schweizer Feiertag"},"content":{"rendered":"<p>Am Samstag, den 16.07.2018 findet ihr uns wieder am Stra\u00dfenfest des Schweizer Feiertags. Wir versorgen euch wie immer mit Brath\u00e4hnchen, Curry-Wurst, Getr\u00e4nken und vielem mehr.<\/p>\n<p><a href=\"https:\/\/www.suedkurier.de\/region\/kreis-konstanz\/stockach\/Gesichter-des-Stadtfestes-Teil-5-Die-Haehnchen-der-Naturfreunde-sind-beim-Schweizer-Feiertag-heiss-begehrt;art372461,9768650\">https:\/\/www.suedkurier.de\/region\/kreis-konstanz\/stockach\/Gesichter-des-Stadtfestes-Teil-5-Die-Haehnchen-der-Naturfreunde-sind-beim-Schweizer-Feiertag-heiss-begehrt;art372461,9768650<\/a><\/p>\n","protected":false},"excerpt":{"rendered":"<p>Am Samstag, den 16.07.2018 findet ihr uns wieder am Stra\u00dfenfest des Schweizer Feiertags. Wir versorgen euch wie immer mit Brath\u00e4hnchen,[&#8230;]<\/p>\n","protected":false},"author":1,"featured_media":0,"comment_status":"closed","ping_status":"closed","sticky":false,"template":"","format":"standard","meta":{"footnotes":""},"categories":[1],"tags":[],"class_list":["post-633","post","type-post","status-publish","format-standard","hentry","category-allgemein"],"_links":{"self":[{"href":"https:\/\/naturfreunde-stockach.de\/index.php\/wp-json\/wp\/v2\/posts\/633","targetHints":{"allow":["GET"]}}],"collection":[{"href":"https:\/\/naturfreunde-stockach.de\/index.php\/wp-json\/wp\/v2\/posts"}],"about":[{"href":"https:\/\/naturfreunde-stockach.de\/index.php\/wp-json\/wp\/v2\/types\/post"}],"author":[{"embeddable":true,"href":"https:\/\/naturfreunde-stockach.de\/index.php\/wp-json\/wp\/v2\/users\/1"}],"replies":[{"embeddable":true,"href":"https:\/\/naturfreunde-stockach.de\/index.php\/wp-json\/wp\/v2\/comments?post=633"}],"version-history":[{"count":3,"href":"https:\/\/naturfreunde-stockach.de\/index.php\/wp-json\/wp\/v2\/posts\/633\/revisions"}],"predecessor-version":[{"id":665,"href":"https:\/\/naturfreunde-stockach.de\/index.php\/wp-json\/wp\/v2\/posts\/633\/revisions\/665"}],"wp:attachment":[{"href":"https:\/\/naturfreunde-stockach.de\/index.php\/wp-json\/wp\/v2\/media?parent=633"}],"wp:term":[{"taxonomy":"category","embeddable":true,"href":"https:\/\/naturfreunde-stockach.de\/index.php\/wp-json\/wp\/v2\/categories?post=633"},{"taxonomy":"post_tag","embeddable":true,"href":"https:\/\/naturfreunde-stockach.de\/index.php\/wp-json\/wp\/v2\/tags?post=633"}],"curies":[{"name":"wp","href":"https:\/\/api.w.org\/{rel}","templated":true}]}}