{"id":673,"date":"2018-09-23T10:24:18","date_gmt":"2018-09-23T08:24:18","guid":{"rendered":"http:\/\/naturfreunde-stockach.de\/?p=673"},"modified":"2018-09-23T10:24:18","modified_gmt":"2018-09-23T08:24:18","slug":"anmeldungen-fuer-unsere-freizeiten-und-ausfahrten","status":"publish","type":"post","link":"https:\/\/naturfreunde-stockach.de\/index.php\/2018\/09\/23\/anmeldungen-fuer-unsere-freizeiten-und-ausfahrten\/","title":{"rendered":"Anmeldungen f\u00fcr unsere Freizeiten und Ausfahrten"},"content":{"rendered":"<p>Es ist wieder soweit, unser Winterprogramm steht und wurde an unsere Mitglieder versandt.<br \/>\nHier k\u00f6nnt ihr euch f\u00fcr unsere <a href=\"https:\/\/naturfreunde-stockach.de\/index.php\/anmeldung-freizeiten\/\">Freizeiten<\/a> und <a href=\"https:\/\/naturfreunde-stockach.de\/index.php\/anmeldung-events-tagesausfahrten\/\">Events\/Tagesausfahrten<\/a> anmelden.<\/p>\n<p>Anmeldungen von Nichtmitgliedern werden erst ab 20.10. ber\u00fccksichtigt. Ihr k\u00f6nnt diese als Nichtmitglied schon jetzt senden, jedoch best\u00e4tigen wir diese erst, falls wir am 20.10. noch Platz f\u00fcr euch haben.<\/p>\n<p>Die Details zu den Veranstaltungen findet ihr auch sehr bald auf unserer Homepage.<\/p>\n<p><a href=\"https:\/\/naturfreunde-stockach.de\/wp-content\/uploads\/2018\/09\/Jahresprogramm-2018-19-titel.jpg\"><img loading=\"lazy\" decoding=\"async\" class=\" wp-image-674 aligncenter\" src=\"https:\/\/naturfreunde-stockach.de\/wp-content\/uploads\/2018\/09\/Jahresprogramm-2018-19-titel-211x300.jpg\" alt=\"\" width=\"250\" height=\"355\" srcset=\"https:\/\/naturfreunde-stockach.de\/wp-content\/uploads\/2018\/09\/Jahresprogramm-2018-19-titel-211x300.jpg 211w, https:\/\/naturfreunde-stockach.de\/wp-content\/uploads\/2018\/09\/Jahresprogramm-2018-19-titel-768x1090.jpg 768w, https:\/\/naturfreunde-stockach.de\/wp-content\/uploads\/2018\/09\/Jahresprogramm-2018-19-titel-722x1024.jpg 722w, https:\/\/naturfreunde-stockach.de\/wp-content\/uploads\/2018\/09\/Jahresprogramm-2018-19-titel.jpg 874w\" sizes=\"auto, (max-width: 250px) 100vw, 250px\" \/><\/a><\/p>\n","protected":false},"excerpt":{"rendered":"<p>Es ist wieder soweit, unser Winterprogramm steht und wurde an unsere Mitglieder versandt. Hier k\u00f6nnt ihr euch f\u00fcr unsere Freizeiten[&#8230;]<\/p>\n","protected":false},"author":2,"featured_media":0,"comment_status":"closed","ping_status":"closed","sticky":false,"template":"","format":"standard","meta":{"footnotes":""},"categories":[1],"tags":[],"class_list":["post-673","post","type-post","status-publish","format-standard","hentry","category-allgemein"],"_links":{"self":[{"href":"https:\/\/naturfreunde-stockach.de\/index.php\/wp-json\/wp\/v2\/posts\/673","targetHints":{"allow":["GET"]}}],"collection":[{"href":"https:\/\/naturfreunde-stockach.de\/index.php\/wp-json\/wp\/v2\/posts"}],"about":[{"href":"https:\/\/naturfreunde-stockach.de\/index.php\/wp-json\/wp\/v2\/types\/post"}],"author":[{"embeddable":true,"href":"https:\/\/naturfreunde-stockach.de\/index.php\/wp-json\/wp\/v2\/users\/2"}],"replies":[{"embeddable":true,"href":"https:\/\/naturfreunde-stockach.de\/index.php\/wp-json\/wp\/v2\/comments?post=673"}],"version-history":[{"count":2,"href":"https:\/\/naturfreunde-stockach.de\/index.php\/wp-json\/wp\/v2\/posts\/673\/revisions"}],"predecessor-version":[{"id":676,"href":"https:\/\/naturfreunde-stockach.de\/index.php\/wp-json\/wp\/v2\/posts\/673\/revisions\/676"}],"wp:attachment":[{"href":"https:\/\/naturfreunde-stockach.de\/index.php\/wp-json\/wp\/v2\/media?parent=673"}],"wp:term":[{"taxonomy":"category","embeddable":true,"href":"https:\/\/naturfreunde-stockach.de\/index.php\/wp-json\/wp\/v2\/categories?post=673"},{"taxonomy":"post_tag","embeddable":true,"href":"https:\/\/naturfreunde-stockach.de\/index.php\/wp-json\/wp\/v2\/tags?post=673"}],"curies":[{"name":"wp","href":"https:\/\/api.w.org\/{rel}","templated":true}]}}