{"id":749,"date":"2019-01-10T22:01:28","date_gmt":"2019-01-10T21:01:28","guid":{"rendered":"http:\/\/naturfreunde-stockach.de\/?p=749"},"modified":"2019-01-10T22:02:02","modified_gmt":"2019-01-10T21:02:02","slug":"events-2-und-4-noch-plaetze-frei","status":"publish","type":"post","link":"https:\/\/naturfreunde-stockach.de\/index.php\/2019\/01\/10\/events-2-und-4-noch-plaetze-frei\/","title":{"rendered":"Events 2 und 4: Noch Pl\u00e4tze frei!"},"content":{"rendered":"<p>Wir haben f\u00fcr die beiden\u00a0Ausfahrten am 20.1. und 9.2. noch\u00a0Pl\u00e4tze frei und freuen uns \u00fcber jeden, der mit kommen m\u00f6chte.<br \/>\nFeilt an eurem K\u00f6nnen in Ski- und Snowboardkursen oder genie\u00dft einfach auf eigene Faust einen sch\u00f6nen Tag im Skigebiet.<\/p>\n<p>Die Events 1 und 3 am 20.1. und 2.2. hingegen sind schon ausgebucht.<br \/>\nHier k\u00f6nnen wir Euch bei Bedarf auf die Warteliste nehmen.<\/p>\n<p>Weitere Infos und Anmeldung findet ihr <a href=\"https:\/\/naturfreunde-stockach.de\/index.php\/termine\/ski-und-snowboardkurse\/\">hier<\/a><\/p>\n","protected":false},"excerpt":{"rendered":"<p>Wir haben f\u00fcr die beiden\u00a0Ausfahrten am 20.1. und 9.2. noch\u00a0Pl\u00e4tze frei und freuen uns \u00fcber jeden, der mit kommen m\u00f6chte.[&#8230;]<\/p>\n","protected":false},"author":2,"featured_media":0,"comment_status":"closed","ping_status":"closed","sticky":false,"template":"","format":"standard","meta":{"footnotes":""},"categories":[1],"tags":[],"class_list":["post-749","post","type-post","status-publish","format-standard","hentry","category-allgemein"],"_links":{"self":[{"href":"https:\/\/naturfreunde-stockach.de\/index.php\/wp-json\/wp\/v2\/posts\/749","targetHints":{"allow":["GET"]}}],"collection":[{"href":"https:\/\/naturfreunde-stockach.de\/index.php\/wp-json\/wp\/v2\/posts"}],"about":[{"href":"https:\/\/naturfreunde-stockach.de\/index.php\/wp-json\/wp\/v2\/types\/post"}],"author":[{"embeddable":true,"href":"https:\/\/naturfreunde-stockach.de\/index.php\/wp-json\/wp\/v2\/users\/2"}],"replies":[{"embeddable":true,"href":"https:\/\/naturfreunde-stockach.de\/index.php\/wp-json\/wp\/v2\/comments?post=749"}],"version-history":[{"count":2,"href":"https:\/\/naturfreunde-stockach.de\/index.php\/wp-json\/wp\/v2\/posts\/749\/revisions"}],"predecessor-version":[{"id":751,"href":"https:\/\/naturfreunde-stockach.de\/index.php\/wp-json\/wp\/v2\/posts\/749\/revisions\/751"}],"wp:attachment":[{"href":"https:\/\/naturfreunde-stockach.de\/index.php\/wp-json\/wp\/v2\/media?parent=749"}],"wp:term":[{"taxonomy":"category","embeddable":true,"href":"https:\/\/naturfreunde-stockach.de\/index.php\/wp-json\/wp\/v2\/categories?post=749"},{"taxonomy":"post_tag","embeddable":true,"href":"https:\/\/naturfreunde-stockach.de\/index.php\/wp-json\/wp\/v2\/tags?post=749"}],"curies":[{"name":"wp","href":"https:\/\/api.w.org\/{rel}","templated":true}]}}